{"id":3077,"date":"2025-10-17T10:53:43","date_gmt":"2025-10-17T13:53:43","guid":{"rendered":"https:\/\/mpf.jusentrerios.gov.ar\/?p=3077"},"modified":"2025-10-17T10:53:55","modified_gmt":"2025-10-17T13:53:55","slug":"jornada-de-investigacion-prision-preventiva-y-derechos-el-debate-sobre-los-hechos-futuros","status":"publish","type":"post","link":"https:\/\/mpf.jusentrerios.gov.ar\/?p=3077","title":{"rendered":"Jornada de investigaci\u00f3n: &#8220;Prisi\u00f3n preventiva y derechos: El debate sobre los hechos futuros.&#8221;"},"content":{"rendered":"<p>El pr\u00f3ximo mi\u00e9rcoles 22 de octubre a las 16 hs, se realizar\u00e1 la <strong>Jornada de Investigaci\u00f3n y Debate \u201cPrisi\u00f3n preventiva y derechos: el debate sobre los hechos futuros\u201d<\/strong>, en modalidad online v\u00eda Microsoft Teams.<\/p>\n<p>La actividad abordar\u00e1 las tensiones y desaf\u00edos que plantea la prisi\u00f3n preventiva desde una perspectiva jur\u00eddica y de derechos, con especial atenci\u00f3n al debate sobre la valoraci\u00f3n de los \u201chechos futuros\u201d en las decisiones judiciales.<\/p>\n<p>Participar\u00e1n como disertantes:<\/p>\n<ul>\n<li><strong>Jueza Mgter. Laura Huberman<\/strong> &#8211; Camarista en lo Criminal y Correccional.<\/li>\n<li><strong>Jueza Ab. Mar\u00eda Dolores Morales<\/strong> &#8211; Control de Lucha Contra el Narcotr\u00e1fico.<\/li>\n<li><strong>Mgtr. Manuel Calder\u00f3n Meynier<\/strong> &#8211; Director de Proyecto de Investigaci\u00f3n \u201cLa prueba de los hechos futuros en la discusi\u00f3n de prisi\u00f3n preventiva\u201d.<\/li>\n<\/ul>\n<p>La moderaci\u00f3n estar\u00e1 a cargo de:<\/p>\n<ul>\n<li> <strong>Ab. Milagros Mar\u00eda Yorio.<\/strong><\/li>\n<\/ul>\n<p><strong>La participaci\u00f3n es gratuita con inscripci\u00f3n previa.<\/strong><\/p>\n<p>Por mas informaci\u00f3n:<br \/>\n\ud83d\udce7 &#x65;&#120;t&#x65;&#110;s&#x69;&#111;n&#x75;&#98;p&#x40;&#117;b&#x70;&#x2e;e&#x64;&#x75;&#46;&#x61;&#x72;<br \/>\n| \ud83d\udcf1 Whatsapp: 3513 87-7084<\/p>\n<figure style=\"text-align:center; margin-bottom: 2em;\">\n  <img src=\"https:\/\/mpf.jusentrerios.gov.ar\/wp-content\/uploads\/2025\/10\/img_jornada_2.jpeg\" alt=\"Invitaci\u00f3n Jornada: Prisi\u00f3n preventiva y derechos\" style=\"width:100%; max-width:600px; height:auto;\"><\/figure>\n","protected":false},"excerpt":{"rendered":"<div class=\"slide-text-bg2\"><span>El pr\u00f3ximo mi\u00e9rcoles 22 de octubre a las 16 hs, se realizar\u00e1 la Jornada de Investigaci\u00f3n y Debate \u201cPrisi\u00f3n preventiva y derechos: el debate sobre lo<\/span><\/div>\n<div class=\"slide-btn-area-sm\"><a href=\"https:\/\/mpf.jusentrerios.gov.ar\/?p=3077\" class=\"slide-btn-sm\">Leer m\u00e1s<\/a><\/div>\n","protected":false},"author":1,"featured_media":3078,"comment_status":"closed","ping_status":"closed","sticky":false,"template":"","format":"standard","meta":[],"categories":[1],"tags":[],"_links":{"self":[{"href":"https:\/\/mpf.jusentrerios.gov.ar\/index.php?rest_route=\/wp\/v2\/posts\/3077"}],"collection":[{"href":"https:\/\/mpf.jusentrerios.gov.ar\/index.php?rest_route=\/wp\/v2\/posts"}],"about":[{"href":"https:\/\/mpf.jusentrerios.gov.ar\/index.php?rest_route=\/wp\/v2\/types\/post"}],"author":[{"embeddable":true,"href":"https:\/\/mpf.jusentrerios.gov.ar\/index.php?rest_route=\/wp\/v2\/users\/1"}],"replies":[{"embeddable":true,"href":"https:\/\/mpf.jusentrerios.gov.ar\/index.php?rest_route=%2Fwp%2Fv2%2Fcomments&post=3077"}],"version-history":[{"count":8,"href":"https:\/\/mpf.jusentrerios.gov.ar\/index.php?rest_route=\/wp\/v2\/posts\/3077\/revisions"}],"predecessor-version":[{"id":3086,"href":"https:\/\/mpf.jusentrerios.gov.ar\/index.php?rest_route=\/wp\/v2\/posts\/3077\/revisions\/3086"}],"wp:featuredmedia":[{"embeddable":true,"href":"https:\/\/mpf.jusentrerios.gov.ar\/index.php?rest_route=\/wp\/v2\/media\/3078"}],"wp:attachment":[{"href":"https:\/\/mpf.jusentrerios.gov.ar\/index.php?rest_route=%2Fwp%2Fv2%2Fmedia&parent=3077"}],"wp:term":[{"taxonomy":"category","embeddable":true,"href":"https:\/\/mpf.jusentrerios.gov.ar\/index.php?rest_route=%2Fwp%2Fv2%2Fcategories&post=3077"},{"taxonomy":"post_tag","embeddable":true,"href":"https:\/\/mpf.jusentrerios.gov.ar\/index.php?rest_route=%2Fwp%2Fv2%2Ftags&post=3077"}],"curies":[{"name":"wp","href":"https:\/\/api.w.org\/{rel}","templated":true}]}}