{"id":3073,"date":"2025-10-04T18:53:10","date_gmt":"2025-10-04T21:53:10","guid":{"rendered":"https:\/\/mpf.jusentrerios.gov.ar\/?p=3073"},"modified":"2025-10-04T18:53:32","modified_gmt":"2025-10-04T21:53:32","slug":"declaracion-en-defensa-de-la-independencia-judicial-y-la-autonomia-del-ministerio-publico-fiscal","status":"publish","type":"post","link":"https:\/\/mpf.jusentrerios.gov.ar\/?p=3073","title":{"rendered":"DECLARACI\u00d3N: En defensa de la independencia judicial y la autonom\u00eda del Ministerio P\u00fablico Fiscal"},"content":{"rendered":"<p><img loading=\"lazy\" src=\"https:\/\/consejompra.org\/images\/declaraciones\/2025\/comunicado%20CP.jpg\" alt=\"Comunicado CP 2025\" width=\"648\" height=\"950\"><\/p>\n","protected":false},"excerpt":{"rendered":"<div class=\"slide-text-bg2\"><span><\/span><\/div>\n","protected":false},"author":1,"featured_media":0,"comment_status":"closed","ping_status":"closed","sticky":false,"template":"","format":"standard","meta":[],"categories":[1],"tags":[],"_links":{"self":[{"href":"https:\/\/mpf.jusentrerios.gov.ar\/index.php?rest_route=\/wp\/v2\/posts\/3073"}],"collection":[{"href":"https:\/\/mpf.jusentrerios.gov.ar\/index.php?rest_route=\/wp\/v2\/posts"}],"about":[{"href":"https:\/\/mpf.jusentrerios.gov.ar\/index.php?rest_route=\/wp\/v2\/types\/post"}],"author":[{"embeddable":true,"href":"https:\/\/mpf.jusentrerios.gov.ar\/index.php?rest_route=\/wp\/v2\/users\/1"}],"replies":[{"embeddable":true,"href":"https:\/\/mpf.jusentrerios.gov.ar\/index.php?rest_route=%2Fwp%2Fv2%2Fcomments&post=3073"}],"version-history":[{"count":2,"href":"https:\/\/mpf.jusentrerios.gov.ar\/index.php?rest_route=\/wp\/v2\/posts\/3073\/revisions"}],"predecessor-version":[{"id":3075,"href":"https:\/\/mpf.jusentrerios.gov.ar\/index.php?rest_route=\/wp\/v2\/posts\/3073\/revisions\/3075"}],"wp:attachment":[{"href":"https:\/\/mpf.jusentrerios.gov.ar\/index.php?rest_route=%2Fwp%2Fv2%2Fmedia&parent=3073"}],"wp:term":[{"taxonomy":"category","embeddable":true,"href":"https:\/\/mpf.jusentrerios.gov.ar\/index.php?rest_route=%2Fwp%2Fv2%2Fcategories&post=3073"},{"taxonomy":"post_tag","embeddable":true,"href":"https:\/\/mpf.jusentrerios.gov.ar\/index.php?rest_route=%2Fwp%2Fv2%2Ftags&post=3073"}],"curies":[{"name":"wp","href":"https:\/\/api.w.org\/{rel}","templated":true}]}}