{"id":3070,"date":"2025-10-04T11:31:46","date_gmt":"2025-10-04T14:31:46","guid":{"rendered":"https:\/\/mpf.jusentrerios.gov.ar\/?p=3070"},"modified":"2025-10-04T11:32:09","modified_gmt":"2025-10-04T14:32:09","slug":"el-fiscal-coordinador-de-la-jurisdiccion-gualeguay-nogoya-y-victoria-comparte-su-analisis-sobre-los-juicios-por-jurados","status":"publish","type":"post","link":"https:\/\/mpf.jusentrerios.gov.ar\/?p=3070","title":{"rendered":"El fiscal coordinador de la jurisdicci\u00f3n Gualeguay, Nogoy\u00e1 y Victoria comparte su an\u00e1lisis sobre los juicios por jurados."},"content":{"rendered":"<p>Le\u00e9 la nota completa en <a href=\"https:\/\/analisisdigital.com.ar\/opinion\/2025\/10\/03\/juicios-por-jurados-cuando-la-ideologia-dificulta-el-debate-publico\" target=\"_blank\" rel=\"noopener noreferrer\">An\u00e1lisis Digital<\/a>.<\/p>\n","protected":false},"excerpt":{"rendered":"<div class=\"slide-text-bg2\"><span>Le\u00e9 la nota completa en An\u00e1lisis Digital.<\/span><\/div>\n","protected":false},"author":1,"featured_media":0,"comment_status":"closed","ping_status":"closed","sticky":false,"template":"","format":"standard","meta":[],"categories":[1],"tags":[],"_links":{"self":[{"href":"https:\/\/mpf.jusentrerios.gov.ar\/index.php?rest_route=\/wp\/v2\/posts\/3070"}],"collection":[{"href":"https:\/\/mpf.jusentrerios.gov.ar\/index.php?rest_route=\/wp\/v2\/posts"}],"about":[{"href":"https:\/\/mpf.jusentrerios.gov.ar\/index.php?rest_route=\/wp\/v2\/types\/post"}],"author":[{"embeddable":true,"href":"https:\/\/mpf.jusentrerios.gov.ar\/index.php?rest_route=\/wp\/v2\/users\/1"}],"replies":[{"embeddable":true,"href":"https:\/\/mpf.jusentrerios.gov.ar\/index.php?rest_route=%2Fwp%2Fv2%2Fcomments&post=3070"}],"version-history":[{"count":2,"href":"https:\/\/mpf.jusentrerios.gov.ar\/index.php?rest_route=\/wp\/v2\/posts\/3070\/revisions"}],"predecessor-version":[{"id":3072,"href":"https:\/\/mpf.jusentrerios.gov.ar\/index.php?rest_route=\/wp\/v2\/posts\/3070\/revisions\/3072"}],"wp:attachment":[{"href":"https:\/\/mpf.jusentrerios.gov.ar\/index.php?rest_route=%2Fwp%2Fv2%2Fmedia&parent=3070"}],"wp:term":[{"taxonomy":"category","embeddable":true,"href":"https:\/\/mpf.jusentrerios.gov.ar\/index.php?rest_route=%2Fwp%2Fv2%2Fcategories&post=3070"},{"taxonomy":"post_tag","embeddable":true,"href":"https:\/\/mpf.jusentrerios.gov.ar\/index.php?rest_route=%2Fwp%2Fv2%2Ftags&post=3070"}],"curies":[{"name":"wp","href":"https:\/\/api.w.org\/{rel}","templated":true}]}}