{"id":3056,"date":"2025-09-01T19:18:15","date_gmt":"2025-09-01T22:18:15","guid":{"rendered":"https:\/\/mpf.jusentrerios.gov.ar\/?p=3056"},"modified":"2025-09-01T19:18:30","modified_gmt":"2025-09-01T22:18:30","slug":"misiones-sera-sede-de-las-xxxvii-jornadas-nacionales-e-internacionales-de-los-ministerios-publicos","status":"publish","type":"post","link":"https:\/\/mpf.jusentrerios.gov.ar\/?p=3056","title":{"rendered":"Misiones ser\u00e1 sede de las XXXVII Jornadas Nacionales e Internacionales de los Ministerios P\u00fablicos"},"content":{"rendered":"<figure style=\"text-align: center; margin-bottom: 2em;\"><img style=\"width: 100%; max-width: 600px; height: auto;\" src=\"https:\/\/mpf.jusentrerios.gov.ar\/wp-content\/uploads\/2025\/09\/imagen_jornadas_ministerios_publicos.jpg\" alt=\"XXXVII Jornadas Nacionales e Internacionales de los Ministerios P\u00fablicos\"><\/figure>\n<p>El 18 y 19 de septiembre, la provincia de Misiones ser\u00e1 sede de las <strong>XXXVII Jornadas Nacionales e Internacionales de los Ministerios P\u00fablicos<\/strong>, que tendr\u00e1n lugar en el Mercure Iguaz\u00fa Hotel.<\/p>\n<p>El evento es convocado por el <strong>Consejo de Procuradores, Fiscales, Asesores y Defensores Generales de la Rep\u00fablica Argentina<\/strong>, junto al <strong>Consejo Federal de Pol\u00edtica Criminal<\/strong>, y cuenta con la organizaci\u00f3n local de la <strong>Procuraci\u00f3n General de la Provincia de Misiones<\/strong>.<\/p>\n<p>Reconocido como uno de los encuentros m\u00e1s relevantes del \u00e1mbito judicial en el pa\u00eds, en esta edici\u00f3n se abordar\u00e1n tem\u00e1ticas de gran actualidad e impacto, como <strong>pol\u00edticas de g\u00e9nero<\/strong>, <strong>cibercrimen<\/strong>, <strong>inteligencia artificial<\/strong> y <strong>derecho ambiental<\/strong>. El programa contar\u00e1 con la participaci\u00f3n de <strong>prestigiosos expositores nacionales e internacionales<\/strong>.<\/p>\n<p>Desde la organizaci\u00f3n destacaron que el encuentro representa una <strong>oportunidad \u00fanica para fortalecer la cooperaci\u00f3n interinstitucional, promover el intercambio de experiencias y analizar los desaf\u00edos contempor\u00e1neos<\/strong> que enfrentan los Ministerios P\u00fablicos en sus distintas jurisdicciones.<\/p>\n<p>Las inscripciones se encuentran abiertas y se realizan de manera online a trav\u00e9s del siguiente enlace:<br \/>\n<a rel=\"noopener\" target=\"_new\" href=\"https:\/\/intercloudy.contilatam.com\/2237\/37-jornadas-nacionales-e-internacionales-de-los-ministerios-publicos\" style=\"color: #0066cc; font-weight: bold; text-decoration: underline;\"><br \/>\nFormulario de inscripci\u00f3n<\/a><\/p>\n","protected":false},"excerpt":{"rendered":"<div class=\"slide-text-bg2\"><span>El 18 y 19 de septiembre, la provincia de Misiones ser\u00e1 sede de las XXXVII Jornadas Nacionales e Internacionales de los Ministerios P\u00fablicos, que tendr\u00e1<\/span><\/div>\n<div class=\"slide-btn-area-sm\"><a href=\"https:\/\/mpf.jusentrerios.gov.ar\/?p=3056\" class=\"slide-btn-sm\">Leer m\u00e1s<\/a><\/div>\n","protected":false},"author":1,"featured_media":3057,"comment_status":"closed","ping_status":"closed","sticky":false,"template":"","format":"standard","meta":[],"categories":[1],"tags":[],"_links":{"self":[{"href":"https:\/\/mpf.jusentrerios.gov.ar\/index.php?rest_route=\/wp\/v2\/posts\/3056"}],"collection":[{"href":"https:\/\/mpf.jusentrerios.gov.ar\/index.php?rest_route=\/wp\/v2\/posts"}],"about":[{"href":"https:\/\/mpf.jusentrerios.gov.ar\/index.php?rest_route=\/wp\/v2\/types\/post"}],"author":[{"embeddable":true,"href":"https:\/\/mpf.jusentrerios.gov.ar\/index.php?rest_route=\/wp\/v2\/users\/1"}],"replies":[{"embeddable":true,"href":"https:\/\/mpf.jusentrerios.gov.ar\/index.php?rest_route=%2Fwp%2Fv2%2Fcomments&post=3056"}],"version-history":[{"count":11,"href":"https:\/\/mpf.jusentrerios.gov.ar\/index.php?rest_route=\/wp\/v2\/posts\/3056\/revisions"}],"predecessor-version":[{"id":3068,"href":"https:\/\/mpf.jusentrerios.gov.ar\/index.php?rest_route=\/wp\/v2\/posts\/3056\/revisions\/3068"}],"wp:featuredmedia":[{"embeddable":true,"href":"https:\/\/mpf.jusentrerios.gov.ar\/index.php?rest_route=\/wp\/v2\/media\/3057"}],"wp:attachment":[{"href":"https:\/\/mpf.jusentrerios.gov.ar\/index.php?rest_route=%2Fwp%2Fv2%2Fmedia&parent=3056"}],"wp:term":[{"taxonomy":"category","embeddable":true,"href":"https:\/\/mpf.jusentrerios.gov.ar\/index.php?rest_route=%2Fwp%2Fv2%2Fcategories&post=3056"},{"taxonomy":"post_tag","embeddable":true,"href":"https:\/\/mpf.jusentrerios.gov.ar\/index.php?rest_route=%2Fwp%2Fv2%2Ftags&post=3056"}],"curies":[{"name":"wp","href":"https:\/\/api.w.org\/{rel}","templated":true}]}}