{"id":3049,"date":"2025-08-14T10:40:15","date_gmt":"2025-08-14T13:40:15","guid":{"rendered":"https:\/\/mpf.jusentrerios.gov.ar\/?p=3049"},"modified":"2025-08-14T10:43:18","modified_gmt":"2025-08-14T13:43:18","slug":"capacitacion-del-mpf-para-la-implementacion-del-programa-espejo-chubut","status":"publish","type":"post","link":"https:\/\/mpf.jusentrerios.gov.ar\/?p=3049","title":{"rendered":"Capacitaci\u00f3n del MPF para la implementaci\u00f3n del programa \u201cEspejo Chubut\u201d"},"content":{"rendered":"<p>Ayer se realiz\u00f3 una capacitaci\u00f3n sobre el programa inform\u00e1tico \u201cEspejo Chubut\u201d, una herramienta innovadora desarrollada \u00edntegramente por profesionales del Ministerio P\u00fablico Fiscal de Chubut, que comenzar\u00e1 a implementarse tambi\u00e9n en la provincia de Entre R\u00edos.<\/p>\n<figure style=\"text-align:center; margin-bottom: 2em;\">\n  <img src=\"https:\/\/mpf.jusentrerios.gov.ar\/wp-content\/uploads\/2025\/08\/imagen_espejo.jpeg\" alt=\"Programa Espejo\" style=\"width:100%; max-width:600px; height:auto;\"><\/figure>\n<p>La jornada, destinada a fiscales y personal del Ministerio P\u00fablico Fiscal entrerriano, tuvo como objetivo capacitar a los participantes en el uso del sistema y destacar sus ventajas para la preservaci\u00f3n de evidencia digital. El software permite capturar en tiempo real im\u00e1genes o videos de la pantalla de un dispositivo m\u00f3vil Android mediante conexi\u00f3n USB, sin necesidad de secuestrar el aparato ni modificar su contenido, lo que garantiza la integridad de las pruebas y resguarda la privacidad de quienes las aportan.<\/p>\n<figure style=\"text-align:center; margin-bottom: 2em;\">\n  <img src=\"https:\/\/mpf.jusentrerios.gov.ar\/wp-content\/uploads\/2025\/08\/imagen_espejo2.jpeg\" alt=\"Capacitaci\u00f3n MPF y Polic\u00eda\" style=\"width:100%; max-width:600px; height:auto;\"><\/figure>\n<p>Desarrollado por el Departamento de Inform\u00e1tica Forense de la Procuraci\u00f3n General de Chubut, \u201cEspejo\u201d se caracteriza por ser una herramienta \u00e1gil, sencilla de utilizar y respetuosa de la privacidad. Actualmente, ya funciona en al menos 14 jurisdicciones del pa\u00eds, entre ellas Santa Cruz, R\u00edo Negro, La Pampa, Mendoza, San Luis, San Juan, La Rioja, Catamarca, Santiago del Estero, C\u00f3rdoba, Santa Fe, Corrientes, provincia de Buenos Aires y Ciudad Aut\u00f3noma de Buenos Aires.<\/p>\n<figure style=\"text-align:center; margin-bottom: 2em;\">\n  <img src=\"https:\/\/mpf.jusentrerios.gov.ar\/wp-content\/uploads\/2025\/08\/imagen_espejo3.jpeg\" alt=\"Capacitaci\u00f3n MPF y Polic\u00eda\" style=\"width:100%; max-width:600px; height:auto;\"><\/figure>\n<p>Recientemente, el sistema fue presentado ante la Oficina de las Naciones Unidas contra la Droga y el Delito (UNODC), donde fue reconocido como un avance clave para el fortalecimiento de la justicia digital y la cooperaci\u00f3n internacional en la lucha contra el ciberdelito.<\/p>\n<p>Con su incorporaci\u00f3n, Entre R\u00edos busca optimizar la recolecci\u00f3n de evidencia digital en investigaciones judiciales, aportando mayor rapidez, seguridad y eficacia al trabajo de fiscales y fuerzas de seguridad.<\/p>\n","protected":false},"excerpt":{"rendered":"<div class=\"slide-text-bg2\"><span>Ayer se realiz\u00f3 una capacitaci\u00f3n sobre el programa inform\u00e1tico \u201cEspejo Chubut\u201d, una herramienta innovadora desarrollada \u00edntegramente por profesiona<\/span><\/div>\n<div class=\"slide-btn-area-sm\"><a href=\"https:\/\/mpf.jusentrerios.gov.ar\/?p=3049\" class=\"slide-btn-sm\">Leer m\u00e1s<\/a><\/div>\n","protected":false},"author":1,"featured_media":3052,"comment_status":"closed","ping_status":"closed","sticky":false,"template":"","format":"standard","meta":[],"categories":[1],"tags":[],"_links":{"self":[{"href":"https:\/\/mpf.jusentrerios.gov.ar\/index.php?rest_route=\/wp\/v2\/posts\/3049"}],"collection":[{"href":"https:\/\/mpf.jusentrerios.gov.ar\/index.php?rest_route=\/wp\/v2\/posts"}],"about":[{"href":"https:\/\/mpf.jusentrerios.gov.ar\/index.php?rest_route=\/wp\/v2\/types\/post"}],"author":[{"embeddable":true,"href":"https:\/\/mpf.jusentrerios.gov.ar\/index.php?rest_route=\/wp\/v2\/users\/1"}],"replies":[{"embeddable":true,"href":"https:\/\/mpf.jusentrerios.gov.ar\/index.php?rest_route=%2Fwp%2Fv2%2Fcomments&post=3049"}],"version-history":[{"count":2,"href":"https:\/\/mpf.jusentrerios.gov.ar\/index.php?rest_route=\/wp\/v2\/posts\/3049\/revisions"}],"predecessor-version":[{"id":3054,"href":"https:\/\/mpf.jusentrerios.gov.ar\/index.php?rest_route=\/wp\/v2\/posts\/3049\/revisions\/3054"}],"wp:featuredmedia":[{"embeddable":true,"href":"https:\/\/mpf.jusentrerios.gov.ar\/index.php?rest_route=\/wp\/v2\/media\/3052"}],"wp:attachment":[{"href":"https:\/\/mpf.jusentrerios.gov.ar\/index.php?rest_route=%2Fwp%2Fv2%2Fmedia&parent=3049"}],"wp:term":[{"taxonomy":"category","embeddable":true,"href":"https:\/\/mpf.jusentrerios.gov.ar\/index.php?rest_route=%2Fwp%2Fv2%2Fcategories&post=3049"},{"taxonomy":"post_tag","embeddable":true,"href":"https:\/\/mpf.jusentrerios.gov.ar\/index.php?rest_route=%2Fwp%2Fv2%2Ftags&post=3049"}],"curies":[{"name":"wp","href":"https:\/\/api.w.org\/{rel}","templated":true}]}}