{"id":3034,"date":"2025-07-22T14:08:36","date_gmt":"2025-07-22T17:08:36","guid":{"rendered":"https:\/\/mpf.jusentrerios.gov.ar\/?p=3034"},"modified":"2025-07-22T14:08:53","modified_gmt":"2025-07-22T17:08:53","slug":"qepd-eduardo-quattropani-fiscal-general-de-la-corte-de-justicia-de-san-juan","status":"publish","type":"post","link":"https:\/\/mpf.jusentrerios.gov.ar\/?p=3034","title":{"rendered":"QEPD &#8211; Eduardo Quattropani &#8211; Fiscal General de la Corte de Justicia de San Juan"},"content":{"rendered":"<figure style=\"text-align:center; margin-bottom: 2em;\">\n  <img src=\"https:\/\/mpf.jusentrerios.gov.ar\/wp-content\/uploads\/2025\/07\/qepd_quattropani.png\" alt=\"Fallecimiento Eduardo Quattropani\" style=\"width:100%; max-width:600px; height:auto;\"><\/figure>\n<p>Con profundo pesar despedimos al AMIGO Eduardo \u201cJimmy\u201d Quattropani, Fiscal General de la Corte de Justicia de San Juan y ex Presidente del Consejo Federal de Procuradores y Fiscales Generales del pa\u00eds .<br \/>\nSu fallecimiento enluta no solo a su provincia, familiares y amigos, sino a todo el \u00e1mbito judicial del pa\u00eds. Eduardo , Jimmy para nosotros fue un jurista comprometido con la verdad, un defensor incansable del Ministerio P\u00fablico , de su autonom\u00eda e independencia y un verdadero ejemplo de \u00e9tica, honestidad y humanidad .<br \/>\nDurante su extensa trayectoria dej\u00f3 una huella imborrable en la justicia argentina: fue un verdadero l\u00edder respetado, un colega solidario y generoso, un confidente para todos y un hombre de palabra y convicciones firmes y coraz\u00f3n noble .<br \/>\nSu pluma, aguda y sensible , fue tan admirada como su integridad. Su legado nos gu\u00eda y nos honra .<br \/>\nAcompa\u00f1amos con profundo dolor a sus familiares, amigos y seres queridos en este momento de tristeza .<br \/>\nDescansa en paz querido Jimmy. Tu vida fue testimonio de compromiso, rectitud y nobleza .<br \/>\nTu ausencia deja un vac\u00edo enorme , pero tu ejemplo permanecer\u00e1 y nos guiar\u00e1 como un faro a todos nosotros.<\/p>\n<p><b style=\"font-size:13px;\"><br \/>\nFuente: Consejo de Procuradores y Fiscales Generales de la Rep\u00fablica Argentina<br \/>\n<\/b><\/p>\n","protected":false},"excerpt":{"rendered":"<div class=\"slide-text-bg2\"><span>Con profundo pesar despedimos al AMIGO Eduardo \u201cJimmy\u201d Quattropani, Fiscal General de la Corte de Justicia de San Juan y ex Presidente del Consejo Fede<\/span><\/div>\n<div class=\"slide-btn-area-sm\"><a href=\"https:\/\/mpf.jusentrerios.gov.ar\/?p=3034\" class=\"slide-btn-sm\">Leer m\u00e1s<\/a><\/div>\n","protected":false},"author":1,"featured_media":3035,"comment_status":"closed","ping_status":"closed","sticky":false,"template":"","format":"standard","meta":[],"categories":[1],"tags":[],"_links":{"self":[{"href":"https:\/\/mpf.jusentrerios.gov.ar\/index.php?rest_route=\/wp\/v2\/posts\/3034"}],"collection":[{"href":"https:\/\/mpf.jusentrerios.gov.ar\/index.php?rest_route=\/wp\/v2\/posts"}],"about":[{"href":"https:\/\/mpf.jusentrerios.gov.ar\/index.php?rest_route=\/wp\/v2\/types\/post"}],"author":[{"embeddable":true,"href":"https:\/\/mpf.jusentrerios.gov.ar\/index.php?rest_route=\/wp\/v2\/users\/1"}],"replies":[{"embeddable":true,"href":"https:\/\/mpf.jusentrerios.gov.ar\/index.php?rest_route=%2Fwp%2Fv2%2Fcomments&post=3034"}],"version-history":[{"count":8,"href":"https:\/\/mpf.jusentrerios.gov.ar\/index.php?rest_route=\/wp\/v2\/posts\/3034\/revisions"}],"predecessor-version":[{"id":3043,"href":"https:\/\/mpf.jusentrerios.gov.ar\/index.php?rest_route=\/wp\/v2\/posts\/3034\/revisions\/3043"}],"wp:featuredmedia":[{"embeddable":true,"href":"https:\/\/mpf.jusentrerios.gov.ar\/index.php?rest_route=\/wp\/v2\/media\/3035"}],"wp:attachment":[{"href":"https:\/\/mpf.jusentrerios.gov.ar\/index.php?rest_route=%2Fwp%2Fv2%2Fmedia&parent=3034"}],"wp:term":[{"taxonomy":"category","embeddable":true,"href":"https:\/\/mpf.jusentrerios.gov.ar\/index.php?rest_route=%2Fwp%2Fv2%2Fcategories&post=3034"},{"taxonomy":"post_tag","embeddable":true,"href":"https:\/\/mpf.jusentrerios.gov.ar\/index.php?rest_route=%2Fwp%2Fv2%2Ftags&post=3034"}],"curies":[{"name":"wp","href":"https:\/\/api.w.org\/{rel}","templated":true}]}}