{"id":2212,"date":"2021-12-28T12:33:04","date_gmt":"2021-12-28T15:33:04","guid":{"rendered":"https:\/\/mpf.jusentrerios.gov.ar\/?p=2212"},"modified":"2021-12-28T12:33:49","modified_gmt":"2021-12-28T15:33:49","slug":"llamado-a-concurso-para-cubrir-cargo-de-subcontador-de-los-ministerios-publicos","status":"publish","type":"post","link":"https:\/\/mpf.jusentrerios.gov.ar\/?p=2212","title":{"rendered":"LLAMADO A CONCURSO PARA CUBRIR CARGO DE SUBCONTADOR DE LOS MINISTERIOS P\u00daBLICOS"},"content":{"rendered":"<div class=\"mk-single-content\" itemprop=\"articleBody\">\n<p>Paran\u00e1,&nbsp;<span id=\"OBJ_PREFIX_DWT43_com_zimbra_date\" class=\"Object\">21 de Diciembre<\/span>&nbsp;de 2021.- VISTOS Y CONSIDERANDO: \u2026 RESUELVO: \u2026.&nbsp; I<b>X.- PUBLICACION DEL CONCURSO<\/b>: Disponer la publicaci\u00f3n de la presente convocatoria a concurso por el t\u00e9rmino de TRES (3) D\u00cdAS en el Bolet\u00edn Oficial de la Provincia, en la p\u00e1gina de los Ministerios P\u00fablicos y en el Servicio de Informaci\u00f3n y Comunicaciones (SIC) del Poder Judicial de la provincia de Entre R\u00edos, consignando las condiciones para acceder al cargo conforme art. 124 de la Ley Org\u00e1nica de Tribunales, fecha y lugar de presentaci\u00f3n.&nbsp; Haci\u00e9ndose saber que toda la informaci\u00f3n relativa al mismo se encontrar\u00e1 disponible en la p\u00e1gina web de los Ministerios P\u00fablicos as\u00ed como en la Secretar\u00eda de la Defensor\u00eda General, sita en calle Laprida N\u00b0 250, 1 er. Piso de la ciudad de Paran\u00e1.<\/p>\n<p><strong>Descarga de Requisitos y Formularios:<\/strong><\/p>\n<p><a href=\"http:\/\/mpd.jusentrerios.gov.ar\/wp-content\/uploads\/2021\/12\/FACULTAMIENTO.pdf\">FACULTAMIENTO<\/a><\/p>\n<p><a href=\"http:\/\/mpd.jusentrerios.gov.ar\/wp-content\/uploads\/2021\/12\/FORMULARIO-A-LOS-FINES-DE-LA-DETERMINACI\u00d3N-DEL-PUNTAJE-DE-ANTECEDENTES.pdf\">FORMULARIO A LOS FINES DE LA DETERMINACI\u00d3N DEL PUNTAJE DE ANTECEDENTES<\/a><\/p>\n<p><a href=\"http:\/\/mpd.jusentrerios.gov.ar\/wp-content\/uploads\/2021\/12\/FORMULARIO-DE-INSCRIPCION.pdf\">FORMULARIO DE INSCRIPCION<\/a><\/p>\n<p><a href=\"http:\/\/mpd.jusentrerios.gov.ar\/wp-content\/uploads\/2021\/12\/RESOLUCION-DE-LLAMADO-A-CONCURSO.pdf\">RESOLUCION DE LLAMADO A CONCURSO<\/a><\/p>\n<\/div>\n","protected":false},"excerpt":{"rendered":"<div class=\"slide-text-bg2\"><span>Paran\u00e1,&nbsp;21 de Diciembre&nbsp;de 2021.- VISTOS Y CONSIDERANDO: \u2026 RESUELVO: \u2026.&nbsp; IX.- PUBLICACION DEL CONCURSO: Disponer la publicaci\u00f3n de la <\/span><\/div>\n<div class=\"slide-btn-area-sm\"><a href=\"https:\/\/mpf.jusentrerios.gov.ar\/?p=2212\" class=\"slide-btn-sm\">Leer m\u00e1s<\/a><\/div>\n","protected":false},"author":1,"featured_media":0,"comment_status":"closed","ping_status":"closed","sticky":false,"template":"","format":"standard","meta":[],"categories":[1],"tags":[],"_links":{"self":[{"href":"https:\/\/mpf.jusentrerios.gov.ar\/index.php?rest_route=\/wp\/v2\/posts\/2212"}],"collection":[{"href":"https:\/\/mpf.jusentrerios.gov.ar\/index.php?rest_route=\/wp\/v2\/posts"}],"about":[{"href":"https:\/\/mpf.jusentrerios.gov.ar\/index.php?rest_route=\/wp\/v2\/types\/post"}],"author":[{"embeddable":true,"href":"https:\/\/mpf.jusentrerios.gov.ar\/index.php?rest_route=\/wp\/v2\/users\/1"}],"replies":[{"embeddable":true,"href":"https:\/\/mpf.jusentrerios.gov.ar\/index.php?rest_route=%2Fwp%2Fv2%2Fcomments&post=2212"}],"version-history":[{"count":2,"href":"https:\/\/mpf.jusentrerios.gov.ar\/index.php?rest_route=\/wp\/v2\/posts\/2212\/revisions"}],"predecessor-version":[{"id":2215,"href":"https:\/\/mpf.jusentrerios.gov.ar\/index.php?rest_route=\/wp\/v2\/posts\/2212\/revisions\/2215"}],"wp:attachment":[{"href":"https:\/\/mpf.jusentrerios.gov.ar\/index.php?rest_route=%2Fwp%2Fv2%2Fmedia&parent=2212"}],"wp:term":[{"taxonomy":"category","embeddable":true,"href":"https:\/\/mpf.jusentrerios.gov.ar\/index.php?rest_route=%2Fwp%2Fv2%2Fcategories&post=2212"},{"taxonomy":"post_tag","embeddable":true,"href":"https:\/\/mpf.jusentrerios.gov.ar\/index.php?rest_route=%2Fwp%2Fv2%2Ftags&post=2212"}],"curies":[{"name":"wp","href":"https:\/\/api.w.org\/{rel}","templated":true}]}}