{"id":2196,"date":"2021-12-14T13:47:35","date_gmt":"2021-12-14T16:47:35","guid":{"rendered":"http:\/\/mpf.jusentrerios.gov.ar\/?p=2196"},"modified":"2021-12-17T10:42:18","modified_gmt":"2021-12-17T13:42:18","slug":"reunion-extraordinaria-del-consejo-de-procuradores-y-fiscales","status":"publish","type":"post","link":"https:\/\/mpf.jusentrerios.gov.ar\/?p=2196","title":{"rendered":"Reuni\u00f3n Extraordinaria del Consejo de Procuradores y Fiscales"},"content":{"rendered":"<p><img loading=\"lazy\" src=\"http:\/\/mpf.jusentrerios.gov.ar\/wp-content\/uploads\/2021\/11\/WhatsApp-Image-2021-11-25-at-13.42.40.jpeg\" alt=\"banner\" width=\"550\" height=\"100\" \/><\/p>\n<p>Hoy martes 14 y ma\u00f1ana mi\u00e9rcoles 15 de diciembre de 2021 se desarrollar\u00e1 en Paran\u00e1 una conferencia de prensa de Procuradores y Fiscales Generales del Consejo de Procuradores, Fiscales, Defensores y Asesores Generales de la Rep\u00fablica Argentina, y del Consejo Federal de Pol\u00edtica Criminal.<\/p>\n<p>La convocatoria fue realizada con el objetivo de tratar la grave situaci\u00f3n institucional generada en la provincia de Entre R\u00edos, como derivaci\u00f3n de los pedidos de Jury de enjuiciamiento a la Procuradora Adjunta y el ya desestimado al Procurador General, y la decisi\u00f3n ilegal de desplazar al Ministerio Publico Fiscal de ese tr\u00e1mite.-<\/p>\n<p>Los Procuradores y Fiscales Generales presentes llevar\u00e1n adelante diversas reuniones con los presidentes de ambas C\u00e1maras Legislativas, as\u00ed como con representantes de los distintos bloques. Asimismo, han solicitado audiencia con el Gobernador de la provincia.-<\/p>\n<p>Finalmente, el mi\u00e9rcoles 15 a las 13 hs. se realizar\u00e1 una conferencia de prensa en la sede del hotel Mayorazgo, para la que se convoca al periodismo de la provincia interesado en la tem\u00e1tica.-<\/p>\n<p><iframe loading=\"lazy\" title=\"Consejo de Procuradores, Fiscales, Defensores y Asesores Generales en Paran\u00e1, Entre R\u00edos.\" width=\"500\" height=\"281\" src=\"https:\/\/www.youtube.com\/embed\/IswOdZdWSvk?feature=oembed\" frameborder=\"0\" allow=\"accelerometer; autoplay; clipboard-write; encrypted-media; gyroscope; picture-in-picture\" allowfullscreen><\/iframe><\/p>\n","protected":false},"excerpt":{"rendered":"<div class=\"slide-text-bg2\"><span>Hoy martes 14 y ma\u00f1ana mi\u00e9rcoles 15 de diciembre de 2021 se desarrollar\u00e1 en Paran\u00e1 una conferencia de prensa de Procuradores y Fiscales Generales del C<\/span><\/div>\n<div class=\"slide-btn-area-sm\"><a href=\"https:\/\/mpf.jusentrerios.gov.ar\/?p=2196\" class=\"slide-btn-sm\">Leer m\u00e1s<\/a><\/div>\n","protected":false},"author":1,"featured_media":2146,"comment_status":"closed","ping_status":"closed","sticky":false,"template":"","format":"standard","meta":[],"categories":[1],"tags":[],"_links":{"self":[{"href":"https:\/\/mpf.jusentrerios.gov.ar\/index.php?rest_route=\/wp\/v2\/posts\/2196"}],"collection":[{"href":"https:\/\/mpf.jusentrerios.gov.ar\/index.php?rest_route=\/wp\/v2\/posts"}],"about":[{"href":"https:\/\/mpf.jusentrerios.gov.ar\/index.php?rest_route=\/wp\/v2\/types\/post"}],"author":[{"embeddable":true,"href":"https:\/\/mpf.jusentrerios.gov.ar\/index.php?rest_route=\/wp\/v2\/users\/1"}],"replies":[{"embeddable":true,"href":"https:\/\/mpf.jusentrerios.gov.ar\/index.php?rest_route=%2Fwp%2Fv2%2Fcomments&post=2196"}],"version-history":[{"count":10,"href":"https:\/\/mpf.jusentrerios.gov.ar\/index.php?rest_route=\/wp\/v2\/posts\/2196\/revisions"}],"predecessor-version":[{"id":2208,"href":"https:\/\/mpf.jusentrerios.gov.ar\/index.php?rest_route=\/wp\/v2\/posts\/2196\/revisions\/2208"}],"wp:featuredmedia":[{"embeddable":true,"href":"https:\/\/mpf.jusentrerios.gov.ar\/index.php?rest_route=\/wp\/v2\/media\/2146"}],"wp:attachment":[{"href":"https:\/\/mpf.jusentrerios.gov.ar\/index.php?rest_route=%2Fwp%2Fv2%2Fmedia&parent=2196"}],"wp:term":[{"taxonomy":"category","embeddable":true,"href":"https:\/\/mpf.jusentrerios.gov.ar\/index.php?rest_route=%2Fwp%2Fv2%2Fcategories&post=2196"},{"taxonomy":"post_tag","embeddable":true,"href":"https:\/\/mpf.jusentrerios.gov.ar\/index.php?rest_route=%2Fwp%2Fv2%2Ftags&post=2196"}],"curies":[{"name":"wp","href":"https:\/\/api.w.org\/{rel}","templated":true}]}}