{"id":2171,"date":"2021-12-06T10:36:45","date_gmt":"2021-12-06T13:36:45","guid":{"rendered":"https:\/\/mpf.jusentrerios.gov.ar\/?p=2171"},"modified":"2021-12-06T11:42:08","modified_gmt":"2021-12-06T14:42:08","slug":"2171","status":"publish","type":"post","link":"https:\/\/mpf.jusentrerios.gov.ar\/?p=2171","title":{"rendered":"Jornada del Fuero Penal de la Asociaci\u00f3n de la Magistratura y Funci\u00f3n Judicial de Entre R\u00edos"},"content":{"rendered":"\n<img loading=\"lazy\" src=\"https:\/\/mpf.jusentrerios.gov.ar\/wp-content\/uploads\/2021\/12\/WhatsApp-Image-2021-12-06-at-10.19.12-1-1024x576.jpeg\" width=\"100%\" height=\"100%\" alt=\"Foto\" class=\"wp-image-2177\" srcset=\"https:\/\/mpf.jusentrerios.gov.ar\/wp-content\/uploads\/2021\/12\/WhatsApp-Image-2021-12-06-at-10.19.12-1-1024x576.jpeg 1024w, https:\/\/mpf.jusentrerios.gov.ar\/wp-content\/uploads\/2021\/12\/WhatsApp-Image-2021-12-06-at-10.19.12-1-300x169.jpeg 300w, https:\/\/mpf.jusentrerios.gov.ar\/wp-content\/uploads\/2021\/12\/WhatsApp-Image-2021-12-06-at-10.19.12-1-768x432.jpeg 768w, https:\/\/mpf.jusentrerios.gov.ar\/wp-content\/uploads\/2021\/12\/WhatsApp-Image-2021-12-06-at-10.19.12-1.jpeg 1280w\" sizes=\"(max-width: 1024px) 100vw, 1024px\" \/>\n\n\n<p><span style=\"font-weight: 400;\"><br \/>El Viernes 3 de Diciembre se realiz\u00f3 la jornada del Fuero Penal de la Asociaci\u00f3n de la Magistratura y Funci\u00f3n Judicial de Entre R\u00edos en la ciudad de Victoria, a la que asistieron jueces, fiscales y\u00a0 defensores de toda la provincia. <\/span><span style=\"font-weight: 400;\"><br \/><\/span><span style=\"font-weight: 400;\"><br \/><\/span><span style=\"font-weight: 400;\">En la misma, se discuti\u00f3 y vieron la obligaci\u00f3n de manifestar su descontento con \u201c la decisi\u00f3n por mayor\u00eda del Jurado de Enjuiciamiento de abrir el jury a la procuradora Adjunta y Fiscal anticorrupci\u00f3n, Cecilia Goyeneche, suspenderla en sus funciones y desplazar la totalidad de los integrantes del Ministerio P\u00fablico Fiscal la acusaci\u00f3n para disponer que la realicen conjueces que ejercer\u00edan de fiscales ad hoc en este juicio\u201d.<\/span><span style=\"font-weight: 400;\"><br \/><\/span><span style=\"font-weight: 400;\"><br \/><\/span><span style=\"font-weight: 400;\">Ante esta decisi\u00f3n, expresaron: \u201c Nos vemos en la obligaci\u00f3n de manifestar,\u00a0 tan grave atropello a las instituciones de la provincia, que significan un quiebre al orden constitucional, nuestro m\u00e1s en\u00e9rgico repudio. \u201c<\/span><\/p>\n<p>Se acompa\u00f1a el pronunciamiento emitido en la mencionada jornada.<\/p>\n<div class=\"wp-block-file\"><a class=\"wp-block-file__button\" href=\"https:\/\/mpf.jusentrerios.gov.ar\/wp-content\/uploads\/2021\/entradas\/Pronunciamiento_Jornadas_de_Derecho_Penal_Victoria.pdf\" download=\"\">Documento completo<\/a><\/div>\n<p><embed src=\"https:\/\/mpf.jusentrerios.gov.ar\/wp-content\/uploads\/2021\/entradas\/Pronunciamiento_Jornadas_de_Derecho_Penal_Victoria.pdf\" width=\"600\" height=\"500\"><\/embed><\/p>\n<p><span style=\"color: #999999;\">Fotos Gentileza de la Asociaci\u00f3n de la Magistratura y Funci\u00f3n Judicial de E.R.<\/span><\/p>","protected":false},"excerpt":{"rendered":"<div class=\"slide-text-bg2\"><span>El Viernes 3 de Diciembre se realiz\u00f3 la jornada del Fuero Penal de la Asociaci\u00f3n de la Magistratura y Funci\u00f3n Judicial de Entre R\u00edos en la ciudad de Vi<\/span><\/div>\n<div class=\"slide-btn-area-sm\"><a href=\"https:\/\/mpf.jusentrerios.gov.ar\/?p=2171\" class=\"slide-btn-sm\">Leer m\u00e1s<\/a><\/div>\n","protected":false},"author":1,"featured_media":2177,"comment_status":"closed","ping_status":"closed","sticky":false,"template":"","format":"standard","meta":[],"categories":[1],"tags":[],"_links":{"self":[{"href":"https:\/\/mpf.jusentrerios.gov.ar\/index.php?rest_route=\/wp\/v2\/posts\/2171"}],"collection":[{"href":"https:\/\/mpf.jusentrerios.gov.ar\/index.php?rest_route=\/wp\/v2\/posts"}],"about":[{"href":"https:\/\/mpf.jusentrerios.gov.ar\/index.php?rest_route=\/wp\/v2\/types\/post"}],"author":[{"embeddable":true,"href":"https:\/\/mpf.jusentrerios.gov.ar\/index.php?rest_route=\/wp\/v2\/users\/1"}],"replies":[{"embeddable":true,"href":"https:\/\/mpf.jusentrerios.gov.ar\/index.php?rest_route=%2Fwp%2Fv2%2Fcomments&post=2171"}],"version-history":[{"count":15,"href":"https:\/\/mpf.jusentrerios.gov.ar\/index.php?rest_route=\/wp\/v2\/posts\/2171\/revisions"}],"predecessor-version":[{"id":2195,"href":"https:\/\/mpf.jusentrerios.gov.ar\/index.php?rest_route=\/wp\/v2\/posts\/2171\/revisions\/2195"}],"wp:featuredmedia":[{"embeddable":true,"href":"https:\/\/mpf.jusentrerios.gov.ar\/index.php?rest_route=\/wp\/v2\/media\/2177"}],"wp:attachment":[{"href":"https:\/\/mpf.jusentrerios.gov.ar\/index.php?rest_route=%2Fwp%2Fv2%2Fmedia&parent=2171"}],"wp:term":[{"taxonomy":"category","embeddable":true,"href":"https:\/\/mpf.jusentrerios.gov.ar\/index.php?rest_route=%2Fwp%2Fv2%2Fcategories&post=2171"},{"taxonomy":"post_tag","embeddable":true,"href":"https:\/\/mpf.jusentrerios.gov.ar\/index.php?rest_route=%2Fwp%2Fv2%2Ftags&post=2171"}],"curies":[{"name":"wp","href":"https:\/\/api.w.org\/{rel}","templated":true}]}}